{"id":646,"date":"2025-05-26T12:13:53","date_gmt":"2025-05-26T12:13:53","guid":{"rendered":"http:\/\/www.muza.unizg.hr\/english\/?p=646"},"modified":"2026-04-14T06:48:43","modified_gmt":"2026-04-14T06:48:43","slug":"ceepus-network-winds-of-central-europe-clarinet-summer-school-at-the-academy-of-music-university-of-zagreb","status":"publish","type":"post","link":"http:\/\/www.muza.unizg.hr\/english\/2025\/05\/26\/ceepus-network-winds-of-central-europe-clarinet-summer-school-at-the-academy-of-music-university-of-zagreb\/","title":{"rendered":"CEEPUS network Winds of Central Europe &#8211; Clarinet Summer School at the Academy of Music University of Zagreb"},"content":{"rendered":"<p style=\"text-align: justify;\">From 19 to 21 May, the Academy of Music of the University of Zagreb organized the \u201cSummer Clarinet School\u201d, which, in addition to students and teachers from the Zagreb Academy of Music, was attended by students and a teacher from a partner institution of the Winds of Central Europe CEEPUS network: 1 professor and 4 students from the Franz Liszt Academy of Music in Budapest. The clarinet professor at the Franz Liszt Academy in Budapest, Csaba Palfi, took four students from his class to the Summer Clarinet School in Zagreb: Szilvia Lambert, Kincs\u0151 Puklics, Domonkos T\u00f3th and Andr\u00e1s Sterner. These students had classes every day with one of the three clarinet professors from the Zagreb Academy of Music, Milko Pravdi\u0107, Davor Reba and Davorin Brozi\u0107.<\/p>\n<p style=\"text-align: justify;\">On the first day, on Monday May 19<sup>th<\/sup> 2025 they worked in the afternoon with Professor Reba and they presented works by Mozart, Weber and Brahms. On the same day, in the morning, Professor Palfi worked with students of the Zagreb Academy Marija Jure\u0161a, Paula Po\u017ear and Lucija Radi\u0107, who presented works by Tomasi, Debussy and Crusello. Professor Palfi&#8217;s classes were held in the Huml hall, so that professors and students of the Zagreb Academy could follow them in the auditorium.<\/p>\n<p style=\"text-align: justify;\"><strong>CEEPUS network Winds of Central Europe &#8211; Clarinet Summer School at the Academy of Music University of Zagreb<\/strong><\/p>\n<p style=\"text-align: justify;\">Paula Po\u017ear and Csaba Palfi<\/p>\n<p style=\"text-align: justify;\">Student Roko Lovri\u0107 began the class with Professor Palfi on the second day, on Tuesday, followed by Jose Antonio Garcia, Jakov Jagodi\u0107 and Tihana Car. They presented works by Weber, Spohr, Debussy and Fran\u00e7aix. Later, Professor Brozi\u0107 held the class for students from Budapest. This time, the visiting students performed works by Mozart, Molter, Spohr and Bassi.<\/p>\n<p style=\"text-align: center;\"><img loading=\"lazy\" decoding=\"async\" class=\"alignnone size-full wp-image-17330\" src=\"http:\/\/www.muza.unizg.hr\/wp-content\/uploads\/2025\/05\/csaba-palfi-paula-pozar.jpg\" alt=\"\" width=\"1201\" height=\"901\" \/>Paula Po\u017ear and Csaba Palfi<\/p>\n<p><img loading=\"lazy\" decoding=\"async\" class=\"alignnone size-full wp-image-17331\" src=\"http:\/\/www.muza.unizg.hr\/wp-content\/uploads\/2025\/05\/csaba-palfi-tihana-car.jpg\" alt=\"\" width=\"1144\" height=\"858\" \/><\/p>\n<p style=\"text-align: center;\">Tihana Car and Csaba Palfi<\/p>\n<p><img loading=\"lazy\" decoding=\"async\" class=\"alignnone size-full wp-image-17332\" src=\"http:\/\/www.muza.unizg.hr\/wp-content\/uploads\/2025\/05\/davorin-brozic-domonokos-toth.jpg\" alt=\"\" width=\"1142\" height=\"857\" \/><\/p>\n<p style=\"text-align: center;\">Domonkos T\u00f3th and Davorin Brozi\u0107<\/p>\n<p><img loading=\"lazy\" decoding=\"async\" class=\"alignnone size-full wp-image-17333\" src=\"http:\/\/www.muza.unizg.hr\/wp-content\/uploads\/2025\/05\/students-and-teachers.jpg\" alt=\"\" width=\"1130\" height=\"848\" \/><\/p>\n<p style=\"text-align: center;\">Domonkos T\u00f3th, Kincs\u0151 Puklics, Szilvia Lambert, Davorin Brozi\u0107 and Andr\u00e1s Sterner<\/p>\n<p style=\"text-align: justify;\">On the third day of the summer school, Professor Pravdi\u0107 gave a lecture for visiting students entitled &#8220;Breathing and How It Affects Phrasing&#8221;. After that, they tried to apply the theory from the lecture to their playing practice. At the same time, in the Stan\u010di\u0107 Hall, Professor Palfi gave classes to Zagreb students. Andrija D\u017eaja, Ana Maria Klasan and Marta Burazer presented their exam program with works by Tomasi, Mozart and Spohr.<\/p>\n<p><img loading=\"lazy\" decoding=\"async\" class=\"alignnone size-full wp-image-17334\" src=\"http:\/\/www.muza.unizg.hr\/wp-content\/uploads\/2025\/05\/csaba-palfi-marta-burazer.jpg\" alt=\"\" width=\"1125\" height=\"844\" \/><\/p>\n<p style=\"text-align: center;\">Csaba Palfi and Marta Burazer<\/p>\n<p style=\"text-align: justify;\">During the three days of teaching, we went through the most important pieces of clarinet literature, both with ten Zagreb students and four visiting students. All professors at this summer school, when working with students, focused their attention on the production and shaping of tone and the tone color in relation to the content of the composition. There was also talk of interpretation based on historical and stylistic aspects, and the instructions often referred to the improvement of manual playing technique and the ability to analyze musical text. The clarinet summer school met all expectations because not only the students, but also the professors benefited from the exchange of experiences. Students who participated in the summer school received 2 ECTS points upon completion of the program.<\/p>\n<p><img loading=\"lazy\" decoding=\"async\" class=\"alignnone size-full wp-image-17335\" src=\"http:\/\/www.muza.unizg.hr\/wp-content\/uploads\/2025\/05\/students-and-teachers-2.jpg\" alt=\"\" width=\"1379\" height=\"1035\" \/><\/p>\n<p style=\"text-align: center;\">Domonkos T\u00f3th, Andr\u00e1s Sterner, Csaba Palfi, Davorin Brozi\u0107, Szilvia Lambert, Kincs\u0151 Puklics<\/p>\n<p style=\"text-align: justify;\">\n","protected":false},"excerpt":{"rendered":"<p>From 19 to 21 May, the Academy of Music of the University of Zagreb organized the \u201cSummer Clarinet School\u201d, which, in addition to students&#8230; &nbsp; <a href=\"http:\/\/www.muza.unizg.hr\/english\/2025\/05\/26\/ceepus-network-winds-of-central-europe-clarinet-summer-school-at-the-academy-of-music-university-of-zagreb\/\" class=\"moretag\">Read More<\/a><\/p>\n","protected":false},"author":1,"featured_media":216,"comment_status":"closed","ping_status":"closed","sticky":false,"template":"","format":"standard","meta":{"footnotes":"","_links_to":"","_links_to_target":""},"categories":[6],"tags":[],"class_list":["post-646","post","type-post","status-publish","format-standard","has-post-thumbnail","hentry","category-international-projects"],"_links":{"self":[{"href":"http:\/\/www.muza.unizg.hr\/english\/wp-json\/wp\/v2\/posts\/646","targetHints":{"allow":["GET"]}}],"collection":[{"href":"http:\/\/www.muza.unizg.hr\/english\/wp-json\/wp\/v2\/posts"}],"about":[{"href":"http:\/\/www.muza.unizg.hr\/english\/wp-json\/wp\/v2\/types\/post"}],"author":[{"embeddable":true,"href":"http:\/\/www.muza.unizg.hr\/english\/wp-json\/wp\/v2\/users\/1"}],"replies":[{"embeddable":true,"href":"http:\/\/www.muza.unizg.hr\/english\/wp-json\/wp\/v2\/comments?post=646"}],"version-history":[{"count":5,"href":"http:\/\/www.muza.unizg.hr\/english\/wp-json\/wp\/v2\/posts\/646\/revisions"}],"predecessor-version":[{"id":677,"href":"http:\/\/www.muza.unizg.hr\/english\/wp-json\/wp\/v2\/posts\/646\/revisions\/677"}],"wp:featuredmedia":[{"embeddable":true,"href":"http:\/\/www.muza.unizg.hr\/english\/wp-json\/wp\/v2\/media\/216"}],"wp:attachment":[{"href":"http:\/\/www.muza.unizg.hr\/english\/wp-json\/wp\/v2\/media?parent=646"}],"wp:term":[{"taxonomy":"category","embeddable":true,"href":"http:\/\/www.muza.unizg.hr\/english\/wp-json\/wp\/v2\/categories?post=646"},{"taxonomy":"post_tag","embeddable":true,"href":"http:\/\/www.muza.unizg.hr\/english\/wp-json\/wp\/v2\/tags?post=646"}],"curies":[{"name":"wp","href":"https:\/\/api.w.org\/{rel}","templated":true}]}}