{"id":676,"date":"2026-04-14T06:47:51","date_gmt":"2026-04-14T06:47:51","guid":{"rendered":"http:\/\/www.muza.unizg.hr\/english\/?p=676"},"modified":"2026-04-14T06:48:20","modified_gmt":"2026-04-14T06:48:20","slug":"ceepus-network-winds-of-central-europe-ceepus-winter-school-winds-of-central-europe-2026","status":"publish","type":"post","link":"http:\/\/www.muza.unizg.hr\/english\/2026\/04\/14\/ceepus-network-winds-of-central-europe-ceepus-winter-school-winds-of-central-europe-2026\/","title":{"rendered":"CEEPUS network Winds of Central Europe &#8211; CEEPUS Winter School \u201cWinds of Central Europe\u201d 2026"},"content":{"rendered":"<p>&nbsp;<\/p>\n<hr \/>\n<p><strong>CEEPUS Winter School &#8220;Winds of Central Europe&#8221; 2026<\/strong><\/p>\n<p>The Winter School <strong>&#8220;Winds of Central Europe&#8221; <\/strong>was designed for woodwind students from partner institutions within the CEEPUS network. The primary objective of the workshop was to familiarize students with the cultural heritage and the rich musical repertoire of Central Europe, spanning from the Baroque period to the 21st century, specifically composed for woodwind chamber ensembles.<\/p>\n<p>The program brought together a total of 20 participants. Among the guest students (8) were representatives from higher music education institutions in Ljubljana, Budapest, Sarajevo, and Belgrade.<\/p>\n<p>All participants completed an intensive program of 30 working hours, consisting of individual and group workshops, supporting lectures, and concerts. Mandatory activities, which included prior independent preparation by all participants, were valued at 2 ECTS credits.<\/p>\n<p>The participants presented a part of their work to the public at the final concert on Friday, February 23, 2026. The program featured works by F. Lhotka, O. Messiaen, G. P. Telemann, A. Delgado, G. Gershwin, H. Lindholm, and D. Shostakovich for chamber ensembles and solo instruments.<\/p>\n<p>Mentors were faculty members of the VII Department for Wind Instruments at the University of Zagreb Academy of Music: Prof. Davorin Brozi\u0107, Adj. Asst. Dunja \u010coli\u0107-Kein\u00e4nen, Asst. Prof. Nikola Fabijani\u0107, Assoc. Prof. Dario Gol\u010di\u0107, Prof. B\u00e0nk Harkay, Adj. Asst. Lovro Mer\u010dep, Prof. Branko Mihanovi\u0107, Prof. Marina Novak, Prof. Renata Penezi\u0107, Prof. \u017darko Peri\u0161i\u0107, Adj. Prof. Davor Reba, Prof. Dragan Sremec, Assoc. Prof. Tomislav \u017du\u017eak.<\/p>\n<p>&nbsp;<\/p>\n<p>Media Gallery:<\/p>\n<p>&nbsp;<\/p>\n<p><img loading=\"lazy\" decoding=\"async\" class=\"alignnone size-full wp-image-18376\" src=\"http:\/\/www.muza.unizg.hr\/wp-content\/uploads\/2026\/04\/Picture1.jpg\" alt=\"\" width=\"1430\" height=\"1073\" \/><\/p>\n<p>Saxophone Sextet<\/p>\n<p><img loading=\"lazy\" decoding=\"async\" class=\"alignnone size-full wp-image-18377\" src=\"http:\/\/www.muza.unizg.hr\/wp-content\/uploads\/2026\/04\/Picture2.jpg\" alt=\"\" width=\"1430\" height=\"1073\" \/><\/p>\n<p>Flute Quartet<\/p>\n<p><img loading=\"lazy\" decoding=\"async\" class=\"alignnone size-full wp-image-18378\" src=\"http:\/\/www.muza.unizg.hr\/wp-content\/uploads\/2026\/04\/Picture3.jpg\" alt=\"\" width=\"1430\" height=\"1073\" \/><\/p>\n<p>Wind Quintet<\/p>\n<p><img loading=\"lazy\" decoding=\"async\" class=\"alignnone size-full wp-image-18379\" src=\"http:\/\/www.muza.unizg.hr\/wp-content\/uploads\/2026\/04\/Picture4.jpg\" alt=\"\" width=\"1430\" height=\"1073\" \/><\/p>\n<p>Winter School Participants and Mentors<\/p>\n<p><img loading=\"lazy\" decoding=\"async\" class=\"alignnone size-full wp-image-18380\" src=\"http:\/\/www.muza.unizg.hr\/wp-content\/uploads\/2026\/04\/Picture5.jpg\" alt=\"\" width=\"1290\" height=\"1824\" \/><\/p>\n<p>Final Concert Poster<\/p>\n","protected":false},"excerpt":{"rendered":"<p>&nbsp; CEEPUS Winter School &#8220;Winds of Central Europe&#8221; 2026 The Winter School &#8220;Winds of Central Europe&#8221; was designed for woodwind students from partner institutions&#8230; &nbsp; <a href=\"http:\/\/www.muza.unizg.hr\/english\/2026\/04\/14\/ceepus-network-winds-of-central-europe-ceepus-winter-school-winds-of-central-europe-2026\/\" class=\"moretag\">Read More<\/a><\/p>\n","protected":false},"author":1,"featured_media":216,"comment_status":"closed","ping_status":"closed","sticky":false,"template":"","format":"standard","meta":{"footnotes":"","_links_to":"","_links_to_target":""},"categories":[6],"tags":[],"class_list":["post-676","post","type-post","status-publish","format-standard","has-post-thumbnail","hentry","category-international-projects"],"_links":{"self":[{"href":"http:\/\/www.muza.unizg.hr\/english\/wp-json\/wp\/v2\/posts\/676","targetHints":{"allow":["GET"]}}],"collection":[{"href":"http:\/\/www.muza.unizg.hr\/english\/wp-json\/wp\/v2\/posts"}],"about":[{"href":"http:\/\/www.muza.unizg.hr\/english\/wp-json\/wp\/v2\/types\/post"}],"author":[{"embeddable":true,"href":"http:\/\/www.muza.unizg.hr\/english\/wp-json\/wp\/v2\/users\/1"}],"replies":[{"embeddable":true,"href":"http:\/\/www.muza.unizg.hr\/english\/wp-json\/wp\/v2\/comments?post=676"}],"version-history":[{"count":1,"href":"http:\/\/www.muza.unizg.hr\/english\/wp-json\/wp\/v2\/posts\/676\/revisions"}],"predecessor-version":[{"id":678,"href":"http:\/\/www.muza.unizg.hr\/english\/wp-json\/wp\/v2\/posts\/676\/revisions\/678"}],"wp:featuredmedia":[{"embeddable":true,"href":"http:\/\/www.muza.unizg.hr\/english\/wp-json\/wp\/v2\/media\/216"}],"wp:attachment":[{"href":"http:\/\/www.muza.unizg.hr\/english\/wp-json\/wp\/v2\/media?parent=676"}],"wp:term":[{"taxonomy":"category","embeddable":true,"href":"http:\/\/www.muza.unizg.hr\/english\/wp-json\/wp\/v2\/categories?post=676"},{"taxonomy":"post_tag","embeddable":true,"href":"http:\/\/www.muza.unizg.hr\/english\/wp-json\/wp\/v2\/tags?post=676"}],"curies":[{"name":"wp","href":"https:\/\/api.w.org\/{rel}","templated":true}]}}